{"id":1007,"date":"2021-04-16T13:47:38","date_gmt":"2021-04-16T13:47:38","guid":{"rendered":"https:\/\/kopint-tarki.hu\/?p=1007"},"modified":"2021-12-17T15:43:48","modified_gmt":"2021-12-17T15:43:48","slug":"februarban-megugrott-az-ipari-termeles","status":"publish","type":"post","link":"https:\/\/kopint-tarki.hu\/en\/februarban-megugrott-az-ipari-termeles\/","title":{"rendered":"Febru\u00e1rban megugrott az ipari termel\u00e9s"},"content":{"rendered":"\n<p>Az el\u0151zetes adatok szerint 2021 febru\u00e1rj\u00e1ban az ipari termel\u00e9s volumene v\u00e1ratlanul 1,9%-os (a munkanappal kiigaz\u00edtott adatok alapj\u00e1n 3,9%-os) n\u00f6veked\u00e9sbe fordult a janu\u00e1ri k\u00f6zel 7%-os visszaes\u00e9s ut\u00e1n. Az <em>el\u0151z\u0151 h\u00f3naphoz <\/em>viszony\u00edtva a szezon\u00e1lisan \u00e9s munkanappal kiigaz\u00edtott termel\u00e9si volumen 4,8%-kal emelkedett, \u00e9s ezzel a havi volumen t\u00falsz\u00e1rnyalta a Covid-v\u00e1ls\u00e1got megel\u0151z\u0151 cs\u00facspontot is.<\/p>\n\n\n\n<p>Ez a felpattan\u00e1s meglep\u0151: mintha az ipar teljesen f\u00fcggetlen\u00edtette mag\u00e1t a glob\u00e1lis logisztikai neh\u00e9zs\u00e9gekt\u0151l \u00e9s a chiphi\u00e1nyt\u00f3l. \u00dagy t\u0171nik, jelenleg az ipart ellent\u00e9tes ir\u00e1nyba h\u00fazza a viszonylag kedvez\u0151 keresletalakul\u00e1s, illet\u0151leg a k\u00edn\u00e1latoldali sz\u0171k keresztmetszetek.<\/p>\n\n\n\n<p>Az els\u0151 k\u00e9t h\u00f3nap \u00e1tlag\u00e1ban az ipari termel\u00e9s 2,3%-kal volt alacsonyabb, mint az el\u0151z\u0151 \u00e9v azonos id\u0151szak\u00e1ban.<\/p>\n\n\n\n<p>Mivel az ipart tov\u00e1bbra is b\u00e9kly\u00f3zz\u00e1k a sz\u00e1ll\u00edt\u00e1si fennakad\u00e1sok \u2013 erre utal az \u00e1prilisi beszerz\u00e9si menedzserindex alakul\u00e1sa is \u2013 a kiugr\u00f3 febru\u00e1ri adatot a tov\u00e1bbiakban korrekci\u00f3 k\u00f6vetheti. Ezzel egy\u00fctt az id\u00e9n dinamikus ipari n\u00f6veked\u00e9st v\u00e1runk.<\/p>\n","protected":false},"excerpt":{"rendered":"<p>Az el\u0151zetes adatok szerint 2021 febru\u00e1rj\u00e1ban az ipari termel\u00e9s volumene v\u00e1ratlanul 1,9%-os (a munkanappal kiigaz\u00edtott adatok alapj\u00e1n 3,9%-os) n\u00f6veked\u00e9sbe fordult a janu\u00e1ri k\u00f6zel 7%-os visszaes\u00e9s ut\u00e1n. Az el\u0151z\u0151 h\u00f3naphoz viszony\u00edtva a szezon\u00e1lisan \u00e9s munkanappal kiigaz\u00edtott termel\u00e9si volumen 4,8%-kal emelkedett, \u00e9s ezzel a havi volumen t\u00falsz\u00e1rnyalta a Covid-v\u00e1ls\u00e1got megel\u0151z\u0151 cs\u00facspontot is. Ez a felpattan\u00e1s meglep\u0151: mintha [&hellip;]<\/p>\n","protected":false},"author":5,"featured_media":0,"comment_status":"closed","ping_status":"closed","sticky":false,"template":"","format":"standard","meta":{"_acf_changed":false,"_coblocks_attr":"","_coblocks_dimensions":"","_coblocks_responsive_height":"","_coblocks_accordion_ie_support":"","footnotes":""},"categories":[1],"tags":[],"class_list":["post-1007","post","type-post","status-publish","format-standard","hentry","category-uncategorized"],"acf":[],"gutentor_comment":0,"_links":{"self":[{"href":"https:\/\/kopint-tarki.hu\/en\/wp-json\/wp\/v2\/posts\/1007","targetHints":{"allow":["GET"]}}],"collection":[{"href":"https:\/\/kopint-tarki.hu\/en\/wp-json\/wp\/v2\/posts"}],"about":[{"href":"https:\/\/kopint-tarki.hu\/en\/wp-json\/wp\/v2\/types\/post"}],"author":[{"embeddable":true,"href":"https:\/\/kopint-tarki.hu\/en\/wp-json\/wp\/v2\/users\/5"}],"replies":[{"embeddable":true,"href":"https:\/\/kopint-tarki.hu\/en\/wp-json\/wp\/v2\/comments?post=1007"}],"version-history":[{"count":5,"href":"https:\/\/kopint-tarki.hu\/en\/wp-json\/wp\/v2\/posts\/1007\/revisions"}],"predecessor-version":[{"id":1214,"href":"https:\/\/kopint-tarki.hu\/en\/wp-json\/wp\/v2\/posts\/1007\/revisions\/1214"}],"wp:attachment":[{"href":"https:\/\/kopint-tarki.hu\/en\/wp-json\/wp\/v2\/media?parent=1007"}],"wp:term":[{"taxonomy":"category","embeddable":true,"href":"https:\/\/kopint-tarki.hu\/en\/wp-json\/wp\/v2\/categories?post=1007"},{"taxonomy":"post_tag","embeddable":true,"href":"https:\/\/kopint-tarki.hu\/en\/wp-json\/wp\/v2\/tags?post=1007"}],"curies":[{"name":"wp","href":"https:\/\/api.w.org\/{rel}","templated":true}]}}